{"id":35561,"date":"2026-08-31T13:57:55","date_gmt":"2026-08-31T11:57:55","guid":{"rendered":"https:\/\/www.cigars-connect.com\/?p=35561"},"modified":"2026-08-31T14:20:58","modified_gmt":"2026-08-31T12:20:58","slug":"a-por-larranaga-reserved-for-germany-to-mark-the-importers-35th-anniversary","status":"publish","type":"post","link":"https:\/\/www.cigars-connect.com\/en\/a-por-larranaga-reserved-for-germany-to-mark-the-importers-35th-anniversary\/","title":{"rendered":"A Por Larra\u00f1aga Reserved For Germany To Mark The Importer&#8217;s 35th Anniversary"},"content":{"rendered":"<div id=\"cigar-2933662090\" class=\"cigar-avant-le-contenu cigar-entity-placement\"><a href=\"https:\/\/www.intertabac.de\/en\/\" aria-label=\"IT_26_Banner_2500x400_Ticket_E\"><img src=\"https:\/\/www.cigars-connect.com\/wp-content\/uploads\/2026\/07\/it_26_banner_2500x400_ticket_e.jpg\" alt=\"\"  srcset=\"https:\/\/www.cigars-connect.com\/wp-content\/uploads\/2026\/07\/it_26_banner_2500x400_ticket_e.jpg 2500w, https:\/\/www.cigars-connect.com\/wp-content\/uploads\/2026\/07\/it_26_banner_2500x400_ticket_e-300x48.jpg 300w, https:\/\/www.cigars-connect.com\/wp-content\/uploads\/2026\/07\/it_26_banner_2500x400_ticket_e-1024x164.jpg 1024w, https:\/\/www.cigars-connect.com\/wp-content\/uploads\/2026\/07\/it_26_banner_2500x400_ticket_e-768x123.jpg 768w, https:\/\/www.cigars-connect.com\/wp-content\/uploads\/2026\/07\/it_26_banner_2500x400_ticket_e-1536x246.jpg 1536w, https:\/\/www.cigars-connect.com\/wp-content\/uploads\/2026\/07\/it_26_banner_2500x400_ticket_e-2048x328.jpg 2048w, https:\/\/www.cigars-connect.com\/wp-content\/uploads\/2026\/07\/it_26_banner_2500x400_ticket_e-600x96.jpg 600w, https:\/\/www.cigars-connect.com\/wp-content\/uploads\/2026\/07\/it_26_banner_2500x400_ticket_e-100x16.jpg 100w, https:\/\/www.cigars-connect.com\/wp-content\/uploads\/2026\/07\/it_26_banner_2500x400_ticket_e-1184x189.jpg 1184w\" sizes=\"(max-width: 2500px) 100vw, 2500px\" class=\"no-lazyload\" width=\"2500\" height=\"400\"   \/><\/a><\/div><h1>The Por Larra\u00f1aga 35 Aniversario, a Churchill-sized cigar, is available starting this week in shops across the country.<\/h1>\n<p><img decoding=\"async\" class=\"aligncenter wp-image-35555\" src=\"https:\/\/www.cigars-connect.com\/wp-content\/uploads\/2026\/08\/por_larranaga_35aniversario-er24-4-copie-300x290.jpg\" alt=\"\" width=\"600\" height=\"581\" srcset=\"https:\/\/www.cigars-connect.com\/wp-content\/uploads\/2026\/08\/por_larranaga_35aniversario-er24-4-copie-300x290.jpg 300w, https:\/\/www.cigars-connect.com\/wp-content\/uploads\/2026\/08\/por_larranaga_35aniversario-er24-4-copie-1024x991.jpg 1024w, https:\/\/www.cigars-connect.com\/wp-content\/uploads\/2026\/08\/por_larranaga_35aniversario-er24-4-copie-768x743.jpg 768w, https:\/\/www.cigars-connect.com\/wp-content\/uploads\/2026\/08\/por_larranaga_35aniversario-er24-4-copie-1536x1487.jpg 1536w, https:\/\/www.cigars-connect.com\/wp-content\/uploads\/2026\/08\/por_larranaga_35aniversario-er24-4-copie-600x581.jpg 600w, https:\/\/www.cigars-connect.com\/wp-content\/uploads\/2026\/08\/por_larranaga_35aniversario-er24-4-copie-100x97.jpg 100w, https:\/\/www.cigars-connect.com\/wp-content\/uploads\/2026\/08\/por_larranaga_35aniversario-er24-4-copie-1184x1146.jpg 1184w, https:\/\/www.cigars-connect.com\/wp-content\/uploads\/2026\/08\/por_larranaga_35aniversario-er24-4-copie.jpg 2004w\" sizes=\"(max-width: 600px) 100vw, 600px\" \/><\/p>\n<p>To celebrate its 35th anniversary, Fifth Avenue\u2014the exclusive importer of Habanos for Germany, Austria, and Poland\u2014has selected the Por Larra\u00f1aga brand for a Regional Edition named &#8220;35 Aniversario.&#8221;<\/p>\n<p>It is a Double Corona measuring 194 mm in length with a 49 ring gauge\u2014a vitola known in Cuban factories as <em>Prominente<\/em>.<\/p>\n<p>To &#8220;meet the wishes of retailers and consumers,&#8221; Fifth Avenue explains, the Por Larra\u00f1aga 35 Aniversario RE Germany 2024 is presented in cabinets of 50 cigars. A total of 2,000 numbered boxes will be released.<\/p>\n<p><img decoding=\"async\" class=\"aligncenter wp-image-35558\" src=\"https:\/\/www.cigars-connect.com\/wp-content\/uploads\/2026\/08\/por_larranaga_35aniversario-er24-1-copie-300x200.jpg\" alt=\"\" width=\"600\" height=\"400\" srcset=\"https:\/\/www.cigars-connect.com\/wp-content\/uploads\/2026\/08\/por_larranaga_35aniversario-er24-1-copie-300x200.jpg 300w, https:\/\/www.cigars-connect.com\/wp-content\/uploads\/2026\/08\/por_larranaga_35aniversario-er24-1-copie-1024x683.jpg 1024w, https:\/\/www.cigars-connect.com\/wp-content\/uploads\/2026\/08\/por_larranaga_35aniversario-er24-1-copie-768x512.jpg 768w, https:\/\/www.cigars-connect.com\/wp-content\/uploads\/2026\/08\/por_larranaga_35aniversario-er24-1-copie-600x400.jpg 600w, https:\/\/www.cigars-connect.com\/wp-content\/uploads\/2026\/08\/por_larranaga_35aniversario-er24-1-copie-100x67.jpg 100w, https:\/\/www.cigars-connect.com\/wp-content\/uploads\/2026\/08\/por_larranaga_35aniversario-er24-1-copie-1184x789.jpg 1184w, https:\/\/www.cigars-connect.com\/wp-content\/uploads\/2026\/08\/por_larranaga_35aniversario-er24-1-copie.jpg 1248w\" sizes=\"(max-width: 600px) 100vw, 600px\" \/><\/p>\n<p>Por Larra\u00f1aga, the oldest Cuban brand still in production to this day, has already been used several times by the German importer for its regional editions: Por Larra\u00f1aga Lonsdales in 2006, Por Larra\u00f1aga Robustos in 2010, Por Larra\u00f1aga Coronas in 2017.<\/p>\n<p>The first boxes will be available this week in La Casa del Habano (LCDH) franchises and Habanos Specialists stores across the country.<\/p>\n<p>The announced price is \u20ac35\/cigar.<\/p>\n","protected":false},"excerpt":{"rendered":"<p>The Por Larra\u00f1aga 35 Aniversario, a Churchill-sized cigar, is available starting this week in shops across the country. To celebrate its 35th anniversary, Fifth Avenue\u2014the exclusive importer of Habanos for Germany, Austria, and Poland\u2014has selected the Por Larra\u00f1aga brand for a Regional Edition named &#8220;35 Aniversario.&#8221; It is a Double Corona measuring 194 mm in length with a 49 ring &#8230;<\/p>\n","protected":false},"author":41,"featured_media":35554,"comment_status":"closed","ping_status":"open","sticky":false,"template":"","format":"standard","meta":{"_acf_changed":false,"inline_featured_image":false,"footnotes":""},"categories":[1085],"tags":[1088,1263,1101,1089,1217,1121],"class_list":["post-35561","post","type-post","status-publish","format-standard","has-post-thumbnail","hentry","category-news-cigars","tag-cuba-en","tag-fifth-avenue-en","tag-germany-en","tag-habanos-en","tag-habanos-sa-en","tag-por-larranaga-en"],"acf":[],"yoast_head":"<!-- This site is optimized with the Yoast SEO plugin v28.1 - https:\/\/yoast.com\/product\/yoast-seo-wordpress\/ -->\n<title>A Por Larra\u00f1aga Reserved For Germany To Mark The Importer&#039;s 35th Anniversary &#8212; Cigars-connect<\/title>\n<meta name=\"description\" content=\"The Por Larra\u00f1aga 35 Aniversario, a Churchill-sized cigar, is available starting this week in shops across the country.\" \/>\n<meta name=\"robots\" content=\"index, follow, max-snippet:-1, max-image-preview:large, max-video-preview:-1\" \/>\n<link rel=\"canonical\" href=\"https:\/\/www.cigars-connect.com\/en\/a-por-larranaga-reserved-for-germany-to-mark-the-importers-35th-anniversary\/\" \/>\n<meta property=\"og:locale\" content=\"en_US\" \/>\n<meta property=\"og:type\" content=\"article\" \/>\n<meta property=\"og:title\" content=\"A Por Larra\u00f1aga Reserved For Germany To Mark The Importer&#039;s 35th Anniversary &#8212; Cigars-connect\" \/>\n<meta property=\"og:description\" content=\"The Por Larra\u00f1aga 35 Aniversario, a Churchill-sized cigar, is available starting this week in shops across the country.\" \/>\n<meta property=\"og:url\" content=\"https:\/\/www.cigars-connect.com\/en\/a-por-larranaga-reserved-for-germany-to-mark-the-importers-35th-anniversary\/\" \/>\n<meta property=\"og:site_name\" content=\"Cigars-connect\" \/>\n<meta property=\"article:publisher\" content=\"https:\/\/www.facebook.com\/lamateur.decigare\" \/>\n<meta property=\"article:published_time\" content=\"2026-08-31T11:57:55+00:00\" \/>\n<meta property=\"article:modified_time\" content=\"2026-08-31T12:20:58+00:00\" \/>\n<meta property=\"og:image\" content=\"https:\/\/www.cigars-connect.com\/wp-content\/uploads\/2026\/08\/por_larranaga_35aniversario-er24-8-copie.jpg\" \/>\n\t<meta property=\"og:image:width\" content=\"2268\" \/>\n\t<meta property=\"og:image:height\" content=\"1276\" \/>\n\t<meta property=\"og:image:type\" content=\"image\/jpeg\" \/>\n<meta name=\"author\" content=\"La r\u00e9daction\" \/>\n<meta name=\"twitter:card\" content=\"summary_large_image\" \/>\n<meta name=\"twitter:creator\" content=\"@cigarsconnect\" \/>\n<meta name=\"twitter:site\" content=\"@cigarsconnect\" \/>\n<meta name=\"twitter:label1\" content=\"Written by\" \/>\n\t<meta name=\"twitter:data1\" content=\"La r\u00e9daction\" \/>\n\t<meta name=\"twitter:label2\" content=\"Est. reading time\" \/>\n\t<meta name=\"twitter:data2\" content=\"2 minutes\" \/>\n<script type=\"application\/ld+json\" class=\"yoast-schema-graph\">{\"@context\":\"https:\\\/\\\/schema.org\",\"@graph\":[{\"@type\":\"Article\",\"@id\":\"https:\\\/\\\/www.cigars-connect.com\\\/en\\\/a-por-larranaga-reserved-for-germany-to-mark-the-importers-35th-anniversary\\\/#article\",\"isPartOf\":{\"@id\":\"https:\\\/\\\/www.cigars-connect.com\\\/en\\\/a-por-larranaga-reserved-for-germany-to-mark-the-importers-35th-anniversary\\\/\"},\"author\":{\"name\":\"La r\u00e9daction\",\"@id\":\"https:\\\/\\\/www.cigars-connect.com\\\/en\\\/#\\\/schema\\\/person\\\/cb8b9263c97bd37fd3a198abed74ec3b\"},\"headline\":\"A Por Larra\u00f1aga Reserved For Germany To Mark The Importer&#8217;s 35th Anniversary\",\"datePublished\":\"2026-08-31T11:57:55+00:00\",\"dateModified\":\"2026-08-31T12:20:58+00:00\",\"mainEntityOfPage\":{\"@id\":\"https:\\\/\\\/www.cigars-connect.com\\\/en\\\/a-por-larranaga-reserved-for-germany-to-mark-the-importers-35th-anniversary\\\/\"},\"wordCount\":184,\"publisher\":{\"@id\":\"https:\\\/\\\/www.cigars-connect.com\\\/en\\\/#organization\"},\"image\":{\"@id\":\"https:\\\/\\\/www.cigars-connect.com\\\/en\\\/a-por-larranaga-reserved-for-germany-to-mark-the-importers-35th-anniversary\\\/#primaryimage\"},\"thumbnailUrl\":\"https:\\\/\\\/www.cigars-connect.com\\\/wp-content\\\/uploads\\\/2026\\\/08\\\/por_larranaga_35aniversario-er24-8-copie.jpg\",\"keywords\":[\"Cuba\",\"Fifth Avenue\",\"Germany\",\"habanos\",\"Habanos SA\",\"Por Larranaga\"],\"articleSection\":[\"News \u2014 Cigars\"],\"inLanguage\":\"en-US\"},{\"@type\":\"WebPage\",\"@id\":\"https:\\\/\\\/www.cigars-connect.com\\\/en\\\/a-por-larranaga-reserved-for-germany-to-mark-the-importers-35th-anniversary\\\/\",\"url\":\"https:\\\/\\\/www.cigars-connect.com\\\/en\\\/a-por-larranaga-reserved-for-germany-to-mark-the-importers-35th-anniversary\\\/\",\"name\":\"A Por Larra\u00f1aga Reserved For Germany To Mark The Importer's 35th Anniversary &#8212; Cigars-connect\",\"isPartOf\":{\"@id\":\"https:\\\/\\\/www.cigars-connect.com\\\/en\\\/#website\"},\"primaryImageOfPage\":{\"@id\":\"https:\\\/\\\/www.cigars-connect.com\\\/en\\\/a-por-larranaga-reserved-for-germany-to-mark-the-importers-35th-anniversary\\\/#primaryimage\"},\"image\":{\"@id\":\"https:\\\/\\\/www.cigars-connect.com\\\/en\\\/a-por-larranaga-reserved-for-germany-to-mark-the-importers-35th-anniversary\\\/#primaryimage\"},\"thumbnailUrl\":\"https:\\\/\\\/www.cigars-connect.com\\\/wp-content\\\/uploads\\\/2026\\\/08\\\/por_larranaga_35aniversario-er24-8-copie.jpg\",\"datePublished\":\"2026-08-31T11:57:55+00:00\",\"dateModified\":\"2026-08-31T12:20:58+00:00\",\"description\":\"The Por Larra\u00f1aga 35 Aniversario, a Churchill-sized cigar, is available starting this week in shops across the country.\",\"breadcrumb\":{\"@id\":\"https:\\\/\\\/www.cigars-connect.com\\\/en\\\/a-por-larranaga-reserved-for-germany-to-mark-the-importers-35th-anniversary\\\/#breadcrumb\"},\"inLanguage\":\"en-US\",\"potentialAction\":[{\"@type\":\"ReadAction\",\"target\":[\"https:\\\/\\\/www.cigars-connect.com\\\/en\\\/a-por-larranaga-reserved-for-germany-to-mark-the-importers-35th-anniversary\\\/\"]}]},{\"@type\":\"ImageObject\",\"inLanguage\":\"en-US\",\"@id\":\"https:\\\/\\\/www.cigars-connect.com\\\/en\\\/a-por-larranaga-reserved-for-germany-to-mark-the-importers-35th-anniversary\\\/#primaryimage\",\"url\":\"https:\\\/\\\/www.cigars-connect.com\\\/wp-content\\\/uploads\\\/2026\\\/08\\\/por_larranaga_35aniversario-er24-8-copie.jpg\",\"contentUrl\":\"https:\\\/\\\/www.cigars-connect.com\\\/wp-content\\\/uploads\\\/2026\\\/08\\\/por_larranaga_35aniversario-er24-8-copie.jpg\",\"width\":2268,\"height\":1276},{\"@type\":\"BreadcrumbList\",\"@id\":\"https:\\\/\\\/www.cigars-connect.com\\\/en\\\/a-por-larranaga-reserved-for-germany-to-mark-the-importers-35th-anniversary\\\/#breadcrumb\",\"itemListElement\":[{\"@type\":\"ListItem\",\"position\":1,\"name\":\"Home\",\"item\":\"https:\\\/\\\/www.cigars-connect.com\\\/en\\\/accueil-2\\\/\"},{\"@type\":\"ListItem\",\"position\":2,\"name\":\"A Por Larra\u00f1aga Reserved For Germany To Mark The Importer&rsquo;s 35th Anniversary\"}]},{\"@type\":\"WebSite\",\"@id\":\"https:\\\/\\\/www.cigars-connect.com\\\/en\\\/#website\",\"url\":\"https:\\\/\\\/www.cigars-connect.com\\\/en\\\/\",\"name\":\"Cigars-connect\",\"description\":\"\",\"publisher\":{\"@id\":\"https:\\\/\\\/www.cigars-connect.com\\\/en\\\/#organization\"},\"potentialAction\":[{\"@type\":\"SearchAction\",\"target\":{\"@type\":\"EntryPoint\",\"urlTemplate\":\"https:\\\/\\\/www.cigars-connect.com\\\/en\\\/?s={search_term_string}\"},\"query-input\":{\"@type\":\"PropertyValueSpecification\",\"valueRequired\":true,\"valueName\":\"search_term_string\"}}],\"inLanguage\":\"en-US\"},{\"@type\":\"Organization\",\"@id\":\"https:\\\/\\\/www.cigars-connect.com\\\/en\\\/#organization\",\"name\":\"L'amateur de cigare\",\"url\":\"https:\\\/\\\/www.cigars-connect.com\\\/en\\\/\",\"logo\":{\"@type\":\"ImageObject\",\"inLanguage\":\"en-US\",\"@id\":\"https:\\\/\\\/www.cigars-connect.com\\\/en\\\/#\\\/schema\\\/logo\\\/image\\\/\",\"url\":\"https:\\\/\\\/www.cigars-connect.com\\\/wp-content\\\/uploads\\\/2023\\\/04\\\/Logo_ADC_2023.svg\",\"contentUrl\":\"https:\\\/\\\/www.cigars-connect.com\\\/wp-content\\\/uploads\\\/2023\\\/04\\\/Logo_ADC_2023.svg\",\"width\":1024,\"height\":1024,\"caption\":\"L'amateur de cigare\"},\"image\":{\"@id\":\"https:\\\/\\\/www.cigars-connect.com\\\/en\\\/#\\\/schema\\\/logo\\\/image\\\/\"},\"sameAs\":[\"https:\\\/\\\/www.facebook.com\\\/lamateur.decigare\",\"https:\\\/\\\/x.com\\\/cigarsconnect\",\"https:\\\/\\\/www.instagram.com\\\/cigarsconnect\\\/\",\"https:\\\/\\\/www.linkedin.com\\\/company\\\/l-amateur-de-cigare\\\/\",\"https:\\\/\\\/www.youtube.com\\\/@TheIADC\"]},{\"@type\":\"Person\",\"@id\":\"https:\\\/\\\/www.cigars-connect.com\\\/en\\\/#\\\/schema\\\/person\\\/cb8b9263c97bd37fd3a198abed74ec3b\",\"name\":\"La r\u00e9daction\",\"image\":{\"@type\":\"ImageObject\",\"inLanguage\":\"en-US\",\"@id\":\"https:\\\/\\\/secure.gravatar.com\\\/avatar\\\/5e6d47e05a8f09cec42f14defabfa821d850057d66fc6d5f05bb089dcfa9bdbc?s=96&d=mm&r=g\",\"url\":\"https:\\\/\\\/secure.gravatar.com\\\/avatar\\\/5e6d47e05a8f09cec42f14defabfa821d850057d66fc6d5f05bb089dcfa9bdbc?s=96&d=mm&r=g\",\"contentUrl\":\"https:\\\/\\\/secure.gravatar.com\\\/avatar\\\/5e6d47e05a8f09cec42f14defabfa821d850057d66fc6d5f05bb089dcfa9bdbc?s=96&d=mm&r=g\",\"caption\":\"La r\u00e9daction\"},\"url\":\"https:\\\/\\\/www.cigars-connect.com\\\/en\\\/author\\\/redaction\\\/\"}]}<\/script>\n<!-- \/ Yoast SEO plugin. -->","yoast_head_json":{"title":"A Por Larra\u00f1aga Reserved For Germany To Mark The Importer's 35th Anniversary &#8212; Cigars-connect","description":"The Por Larra\u00f1aga 35 Aniversario, a Churchill-sized cigar, is available starting this week in shops across the country.","robots":{"index":"index","follow":"follow","max-snippet":"max-snippet:-1","max-image-preview":"max-image-preview:large","max-video-preview":"max-video-preview:-1"},"canonical":"https:\/\/www.cigars-connect.com\/en\/a-por-larranaga-reserved-for-germany-to-mark-the-importers-35th-anniversary\/","og_locale":"en_US","og_type":"article","og_title":"A Por Larra\u00f1aga Reserved For Germany To Mark The Importer's 35th Anniversary &#8212; Cigars-connect","og_description":"The Por Larra\u00f1aga 35 Aniversario, a Churchill-sized cigar, is available starting this week in shops across the country.","og_url":"https:\/\/www.cigars-connect.com\/en\/a-por-larranaga-reserved-for-germany-to-mark-the-importers-35th-anniversary\/","og_site_name":"Cigars-connect","article_publisher":"https:\/\/www.facebook.com\/lamateur.decigare","article_published_time":"2026-08-31T11:57:55+00:00","article_modified_time":"2026-08-31T12:20:58+00:00","og_image":[{"width":2268,"height":1276,"url":"https:\/\/www.cigars-connect.com\/wp-content\/uploads\/2026\/08\/por_larranaga_35aniversario-er24-8-copie.jpg","type":"image\/jpeg"}],"author":"La r\u00e9daction","twitter_card":"summary_large_image","twitter_creator":"@cigarsconnect","twitter_site":"@cigarsconnect","twitter_misc":{"Written by":"La r\u00e9daction","Est. reading time":"2 minutes"},"schema":{"@context":"https:\/\/schema.org","@graph":[{"@type":"Article","@id":"https:\/\/www.cigars-connect.com\/en\/a-por-larranaga-reserved-for-germany-to-mark-the-importers-35th-anniversary\/#article","isPartOf":{"@id":"https:\/\/www.cigars-connect.com\/en\/a-por-larranaga-reserved-for-germany-to-mark-the-importers-35th-anniversary\/"},"author":{"name":"La r\u00e9daction","@id":"https:\/\/www.cigars-connect.com\/en\/#\/schema\/person\/cb8b9263c97bd37fd3a198abed74ec3b"},"headline":"A Por Larra\u00f1aga Reserved For Germany To Mark The Importer&#8217;s 35th Anniversary","datePublished":"2026-08-31T11:57:55+00:00","dateModified":"2026-08-31T12:20:58+00:00","mainEntityOfPage":{"@id":"https:\/\/www.cigars-connect.com\/en\/a-por-larranaga-reserved-for-germany-to-mark-the-importers-35th-anniversary\/"},"wordCount":184,"publisher":{"@id":"https:\/\/www.cigars-connect.com\/en\/#organization"},"image":{"@id":"https:\/\/www.cigars-connect.com\/en\/a-por-larranaga-reserved-for-germany-to-mark-the-importers-35th-anniversary\/#primaryimage"},"thumbnailUrl":"https:\/\/www.cigars-connect.com\/wp-content\/uploads\/2026\/08\/por_larranaga_35aniversario-er24-8-copie.jpg","keywords":["Cuba","Fifth Avenue","Germany","habanos","Habanos SA","Por Larranaga"],"articleSection":["News \u2014 Cigars"],"inLanguage":"en-US"},{"@type":"WebPage","@id":"https:\/\/www.cigars-connect.com\/en\/a-por-larranaga-reserved-for-germany-to-mark-the-importers-35th-anniversary\/","url":"https:\/\/www.cigars-connect.com\/en\/a-por-larranaga-reserved-for-germany-to-mark-the-importers-35th-anniversary\/","name":"A Por Larra\u00f1aga Reserved For Germany To Mark The Importer's 35th Anniversary &#8212; Cigars-connect","isPartOf":{"@id":"https:\/\/www.cigars-connect.com\/en\/#website"},"primaryImageOfPage":{"@id":"https:\/\/www.cigars-connect.com\/en\/a-por-larranaga-reserved-for-germany-to-mark-the-importers-35th-anniversary\/#primaryimage"},"image":{"@id":"https:\/\/www.cigars-connect.com\/en\/a-por-larranaga-reserved-for-germany-to-mark-the-importers-35th-anniversary\/#primaryimage"},"thumbnailUrl":"https:\/\/www.cigars-connect.com\/wp-content\/uploads\/2026\/08\/por_larranaga_35aniversario-er24-8-copie.jpg","datePublished":"2026-08-31T11:57:55+00:00","dateModified":"2026-08-31T12:20:58+00:00","description":"The Por Larra\u00f1aga 35 Aniversario, a Churchill-sized cigar, is available starting this week in shops across the country.","breadcrumb":{"@id":"https:\/\/www.cigars-connect.com\/en\/a-por-larranaga-reserved-for-germany-to-mark-the-importers-35th-anniversary\/#breadcrumb"},"inLanguage":"en-US","potentialAction":[{"@type":"ReadAction","target":["https:\/\/www.cigars-connect.com\/en\/a-por-larranaga-reserved-for-germany-to-mark-the-importers-35th-anniversary\/"]}]},{"@type":"ImageObject","inLanguage":"en-US","@id":"https:\/\/www.cigars-connect.com\/en\/a-por-larranaga-reserved-for-germany-to-mark-the-importers-35th-anniversary\/#primaryimage","url":"https:\/\/www.cigars-connect.com\/wp-content\/uploads\/2026\/08\/por_larranaga_35aniversario-er24-8-copie.jpg","contentUrl":"https:\/\/www.cigars-connect.com\/wp-content\/uploads\/2026\/08\/por_larranaga_35aniversario-er24-8-copie.jpg","width":2268,"height":1276},{"@type":"BreadcrumbList","@id":"https:\/\/www.cigars-connect.com\/en\/a-por-larranaga-reserved-for-germany-to-mark-the-importers-35th-anniversary\/#breadcrumb","itemListElement":[{"@type":"ListItem","position":1,"name":"Home","item":"https:\/\/www.cigars-connect.com\/en\/accueil-2\/"},{"@type":"ListItem","position":2,"name":"A Por Larra\u00f1aga Reserved For Germany To Mark The Importer&rsquo;s 35th Anniversary"}]},{"@type":"WebSite","@id":"https:\/\/www.cigars-connect.com\/en\/#website","url":"https:\/\/www.cigars-connect.com\/en\/","name":"Cigars-connect","description":"","publisher":{"@id":"https:\/\/www.cigars-connect.com\/en\/#organization"},"potentialAction":[{"@type":"SearchAction","target":{"@type":"EntryPoint","urlTemplate":"https:\/\/www.cigars-connect.com\/en\/?s={search_term_string}"},"query-input":{"@type":"PropertyValueSpecification","valueRequired":true,"valueName":"search_term_string"}}],"inLanguage":"en-US"},{"@type":"Organization","@id":"https:\/\/www.cigars-connect.com\/en\/#organization","name":"L'amateur de cigare","url":"https:\/\/www.cigars-connect.com\/en\/","logo":{"@type":"ImageObject","inLanguage":"en-US","@id":"https:\/\/www.cigars-connect.com\/en\/#\/schema\/logo\/image\/","url":"https:\/\/www.cigars-connect.com\/wp-content\/uploads\/2023\/04\/Logo_ADC_2023.svg","contentUrl":"https:\/\/www.cigars-connect.com\/wp-content\/uploads\/2023\/04\/Logo_ADC_2023.svg","width":1024,"height":1024,"caption":"L'amateur de cigare"},"image":{"@id":"https:\/\/www.cigars-connect.com\/en\/#\/schema\/logo\/image\/"},"sameAs":["https:\/\/www.facebook.com\/lamateur.decigare","https:\/\/x.com\/cigarsconnect","https:\/\/www.instagram.com\/cigarsconnect\/","https:\/\/www.linkedin.com\/company\/l-amateur-de-cigare\/","https:\/\/www.youtube.com\/@TheIADC"]},{"@type":"Person","@id":"https:\/\/www.cigars-connect.com\/en\/#\/schema\/person\/cb8b9263c97bd37fd3a198abed74ec3b","name":"La r\u00e9daction","image":{"@type":"ImageObject","inLanguage":"en-US","@id":"https:\/\/secure.gravatar.com\/avatar\/5e6d47e05a8f09cec42f14defabfa821d850057d66fc6d5f05bb089dcfa9bdbc?s=96&d=mm&r=g","url":"https:\/\/secure.gravatar.com\/avatar\/5e6d47e05a8f09cec42f14defabfa821d850057d66fc6d5f05bb089dcfa9bdbc?s=96&d=mm&r=g","contentUrl":"https:\/\/secure.gravatar.com\/avatar\/5e6d47e05a8f09cec42f14defabfa821d850057d66fc6d5f05bb089dcfa9bdbc?s=96&d=mm&r=g","caption":"La r\u00e9daction"},"url":"https:\/\/www.cigars-connect.com\/en\/author\/redaction\/"}]}},"_links":{"self":[{"href":"https:\/\/www.cigars-connect.com\/en\/wp-json\/wp\/v2\/posts\/35561","targetHints":{"allow":["GET"]}}],"collection":[{"href":"https:\/\/www.cigars-connect.com\/en\/wp-json\/wp\/v2\/posts"}],"about":[{"href":"https:\/\/www.cigars-connect.com\/en\/wp-json\/wp\/v2\/types\/post"}],"author":[{"embeddable":true,"href":"https:\/\/www.cigars-connect.com\/en\/wp-json\/wp\/v2\/users\/41"}],"replies":[{"embeddable":true,"href":"https:\/\/www.cigars-connect.com\/en\/wp-json\/wp\/v2\/comments?post=35561"}],"version-history":[{"count":2,"href":"https:\/\/www.cigars-connect.com\/en\/wp-json\/wp\/v2\/posts\/35561\/revisions"}],"predecessor-version":[{"id":35563,"href":"https:\/\/www.cigars-connect.com\/en\/wp-json\/wp\/v2\/posts\/35561\/revisions\/35563"}],"wp:featuredmedia":[{"embeddable":true,"href":"https:\/\/www.cigars-connect.com\/en\/wp-json\/wp\/v2\/media\/35554"}],"wp:attachment":[{"href":"https:\/\/www.cigars-connect.com\/en\/wp-json\/wp\/v2\/media?parent=35561"}],"wp:term":[{"taxonomy":"category","embeddable":true,"href":"https:\/\/www.cigars-connect.com\/en\/wp-json\/wp\/v2\/categories?post=35561"},{"taxonomy":"post_tag","embeddable":true,"href":"https:\/\/www.cigars-connect.com\/en\/wp-json\/wp\/v2\/tags?post=35561"}],"curies":[{"name":"wp","href":"https:\/\/api.w.org\/{rel}","templated":true}]}}